{"id":3965,"date":"2015-04-08T12:32:00","date_gmt":"2015-04-08T10:32:00","guid":{"rendered":"https:\/\/www.ivia.pl\/?p=3965"},"modified":"2023-08-28T12:42:08","modified_gmt":"2023-08-28T10:42:08","slug":"budowa-obwodnicy-nysy-aktualnosci-z-dn-8-04-2015","status":"publish","type":"post","link":"https:\/\/www.ivia.pl\/en\/budowa-obwodnicy-nysy-aktualnosci-z-dn-8-04-2015\/","title":{"rendered":"Budowa obwodnicy Nysy &#8211; aktualno\u015bci z dn. 8\/04\/2015"},"content":{"rendered":"","protected":false},"excerpt":{"rendered":"<p>W Opolskim Urz\u0119dzie Wojew\u00f3dzkim odby\u0142o si\u0119 uroczyste wr\u0119czenie Decyzji o Zezwoleniu na Realizacj\u0119 Inwestycji Drogowej dla obwodnicy Nysy. Wojewoda Ryszard Wilczy\u0144ski przekaza\u0142 dokument ZRID na r\u0119ce Andrzeja Ka\u0142u\u017cnego, dyrektora Opolskiego Oddzia\u0142u Generalnej Dyrekcji Dr\u00f3g Krajowych i Autostrad.<\/p>","protected":false},"author":4,"featured_media":3948,"comment_status":"closed","ping_status":"closed","sticky":false,"template":"","format":"standard","meta":{"_acf_changed":false,"footnotes":""},"categories":[2],"tags":[],"class_list":["post-3965","post","type-post","status-publish","format-standard","has-post-thumbnail","hentry","category-news"],"acf":[],"_links":{"self":[{"href":"https:\/\/www.ivia.pl\/en\/wp-json\/wp\/v2\/posts\/3965","targetHints":{"allow":["GET"]}}],"collection":[{"href":"https:\/\/www.ivia.pl\/en\/wp-json\/wp\/v2\/posts"}],"about":[{"href":"https:\/\/www.ivia.pl\/en\/wp-json\/wp\/v2\/types\/post"}],"author":[{"embeddable":true,"href":"https:\/\/www.ivia.pl\/en\/wp-json\/wp\/v2\/users\/4"}],"replies":[{"embeddable":true,"href":"https:\/\/www.ivia.pl\/en\/wp-json\/wp\/v2\/comments?post=3965"}],"version-history":[{"count":0,"href":"https:\/\/www.ivia.pl\/en\/wp-json\/wp\/v2\/posts\/3965\/revisions"}],"wp:featuredmedia":[{"embeddable":true,"href":"https:\/\/www.ivia.pl\/en\/wp-json\/wp\/v2\/media\/3948"}],"wp:attachment":[{"href":"https:\/\/www.ivia.pl\/en\/wp-json\/wp\/v2\/media?parent=3965"}],"wp:term":[{"taxonomy":"category","embeddable":true,"href":"https:\/\/www.ivia.pl\/en\/wp-json\/wp\/v2\/categories?post=3965"},{"taxonomy":"post_tag","embeddable":true,"href":"https:\/\/www.ivia.pl\/en\/wp-json\/wp\/v2\/tags?post=3965"}],"curies":[{"name":"wp","href":"https:\/\/api.w.org\/{rel}","templated":true}]}}